{"id":384,"date":"2011-01-19T11:40:35","date_gmt":"2011-01-19T16:40:35","guid":{"rendered":"http:\/\/sites.duke.edu\/kreyol\/?p=384"},"modified":"2014-11-09T17:31:27","modified_gmt":"2014-11-09T22:31:27","slug":"aristide-pral-retounen-ann-ayiti-aristide-to-return-to-haiti-3","status":"publish","type":"post","link":"https:\/\/sites.duke.edu\/kreyol\/?p=384","title":{"rendered":"Aristide pral retounen ann Ayiti?  Aristide to return to Haiti?"},"content":{"rendered":"<div>\n<p><a href=\"http:\/\/www.nytimes.com\/2011\/01\/20\/world\/americas\/20haiti.html?_r=1&amp;partner=rss&amp;emc=rss\">The New York Times<\/a> f\u00e8 konnen\u00a0<a href=\"http:\/\/laughingmaze.blogspot.com\/2011\/01\/president-jean-bertrand-aristide.html\">Jean-Bertrand Aristide di<\/a> li\u00a0vle retounen ann Ayiti.\u00a0 Aristide te ekri\u00a0yon ti mesaj ann angle\u00a0sou yon bl\u00f2g\u00a0pou l di\u00a0 li pare pou\u00a0retounen\u00a0nan Ayiti\u00a0\u00a0jodi a menm,\u00a0demen, oswa\u00a0nenp\u00f2t l\u00e8.<\/p>\n<p><a href=\"http:\/\/www.nytimes.com\/2011\/01\/20\/world\/americas\/20haiti.html?_r=1&amp;partner=rss&amp;emc=rss\">The New York Times <\/a>reports that <a href=\"http:\/\/laughingmaze.blogspot.com\/2011\/01\/president-jean-bertrand-aristide.html\">Jean-Bertrand Aristide says<\/a> he is ready to return to Haiti, too.\u00a0 He wrote a brief statement on a blog yesterday, in English, stating that he was ready to leave \u201ctoday, tomorrow, or at any time.\u201d<\/p>\n<p>L\u00f2t Atik\/ Other articles:<\/p>\n<p><a href=\"http:\/\/www.iol.co.za\/news\/world\/aristide-wants-to-return-home-1.1014290\">Aristide wants to return home (IOL South Africa News)<\/a><\/p>\n<p><a href=\"http:\/\/www.ft.com\/cms\/s\/0\/1ead28b8-240c-11e0-bef0-00144feab49a.html#axzz1BbQI4tcg\">Aristide asks to return to Haiti (Financial Times)<\/a><\/p>\n<p><a href=\"http:\/\/www.alterpresse.org\/spip.php?article10546\">Haiti: Aristide se dit pr\u00eat \u00e0 revenir (AlterPresse Haiti)<\/a><\/p>\n<p><a href=\"http:\/\/www.metropolehaiti.com\/metropole\/full_une_fr.php?id=18690\">Aristide veut marcher sur les traces de Jean Claude Duvalier (Radio Metropole Haiti)<\/a><\/p>\n<p><a href=\"http:\/\/www.radio-canada.ca\/nouvelles\/International\/2011\/01\/20\/004-jean-bertrand-aristide-haiti.shtml\">Ha\u00efti:\u00a0 Jean-Bertrand Aristide pr\u00eat \u00e0 revenir en Ha\u00efti (Radio Canada)<\/a><\/p>\n<\/div>\n<p><img decoding=\"async\" src=\"http:\/\/sites.duke.edu\/kreyol\/wp-content\/themes\/mandigo\/schemes\/blue\/images\/comments.gif\" alt=\"Comments\" \/><\/p>\n","protected":false},"excerpt":{"rendered":"<p>The New York Times f\u00e8 konnen\u00a0Jean-Bertrand Aristide di li\u00a0vle retounen ann Ayiti.\u00a0 Aristide te ekri\u00a0yon ti mesaj ann angle\u00a0sou yon bl\u00f2g\u00a0pou l di\u00a0 li pare pou\u00a0retounen\u00a0nan Ayiti\u00a0\u00a0jodi a menm,\u00a0demen, oswa\u00a0nenp\u00f2t l\u00e8. The New York Times reports that Jean-Bertrand Aristide says he is ready to return to Haiti, too.\u00a0 He wrote a brief statement on a [&hellip;]<\/p>\n","protected":false},"author":2090,"featured_media":0,"comment_status":"open","ping_status":"open","sticky":false,"template":"","format":"standard","meta":{"footnotes":""},"categories":[595885],"tags":[],"class_list":["post-384","post","type-post","status-publish","format-standard","hentry","category-archives-2010-2011"],"_links":{"self":[{"href":"https:\/\/sites.duke.edu\/kreyol\/index.php?rest_route=\/wp\/v2\/posts\/384","targetHints":{"allow":["GET"]}}],"collection":[{"href":"https:\/\/sites.duke.edu\/kreyol\/index.php?rest_route=\/wp\/v2\/posts"}],"about":[{"href":"https:\/\/sites.duke.edu\/kreyol\/index.php?rest_route=\/wp\/v2\/types\/post"}],"author":[{"embeddable":true,"href":"https:\/\/sites.duke.edu\/kreyol\/index.php?rest_route=\/wp\/v2\/users\/2090"}],"replies":[{"embeddable":true,"href":"https:\/\/sites.duke.edu\/kreyol\/index.php?rest_route=%2Fwp%2Fv2%2Fcomments&post=384"}],"version-history":[{"count":8,"href":"https:\/\/sites.duke.edu\/kreyol\/index.php?rest_route=\/wp\/v2\/posts\/384\/revisions"}],"predecessor-version":[{"id":666,"href":"https:\/\/sites.duke.edu\/kreyol\/index.php?rest_route=\/wp\/v2\/posts\/384\/revisions\/666"}],"wp:attachment":[{"href":"https:\/\/sites.duke.edu\/kreyol\/index.php?rest_route=%2Fwp%2Fv2%2Fmedia&parent=384"}],"wp:term":[{"taxonomy":"category","embeddable":true,"href":"https:\/\/sites.duke.edu\/kreyol\/index.php?rest_route=%2Fwp%2Fv2%2Fcategories&post=384"},{"taxonomy":"post_tag","embeddable":true,"href":"https:\/\/sites.duke.edu\/kreyol\/index.php?rest_route=%2Fwp%2Fv2%2Ftags&post=384"}],"curies":[{"name":"wp","href":"https:\/\/api.w.org\/{rel}","templated":true}]}}